{"id":2642,"date":"2019-02-25T13:06:50","date_gmt":"2019-02-25T12:06:50","guid":{"rendered":"http:\/\/clinica-lavision.com\/?p=2642"},"modified":"2019-11-11T12:33:42","modified_gmt":"2019-11-11T11:33:42","slug":"addition-to-our-family-ii-zafy","status":"publish","type":"post","link":"http:\/\/clinica-lavision.com\/de\/2019\/02\/25\/addition-to-our-family-ii-zafy\/","title":{"rendered":"Familienzuwachs II: Zafy"},"content":{"rendered":"<p>Nachdem wir Claudio ins Familienprogramm aufgenommen haben kam Fidelia&#8217;s Familie zu uns. (Errinnert Ihr Euch noch an Fidelia? Sie war vor vielen Jahren eine unserer ersten Patientinen die wir an der Gaumenspalte operiert haben; seitdem erh\u00e4lt Fidelia &amp; Ihre Familie medizinische Versorgung sowie regelm\u00e4ssig Essenspackete). Dieses Mal trug Fidelia&#8217;s Oma Ihren 2 Monate alten Enkelsohn Zafy auf dem Arm. Der Kleine war in eine Decke eingewickelt und weinte ohne Ende. Sie erkl\u00e4rte uns dass Zafy&#8217;s Mutter einige Tage zuvor unerwartet gestorben war. Da der Vater mit der neuen Situation mit seinen 8 Kindern verst\u00e4ndlicherweise \u00fcberfordert ist hilft nun die Oma. Fidelia&#8217;s Mutter hat den Kleinen die letzten Tage gestillt aber da sie gleichzeit ein eigenes Baby hat war die Nahrung nicht ausreichend. Daher weinte Zafy auch so viel vor Hunger. Wir wickelten Ihn aus seiner Decke und stellten fest dass er f\u00fcr sein Alter viel zu d\u00fcnn und klein ist. Es musste also schnell gehandelt werden. Er wurde sofort von unserem Arzt untersucht, w\u00e4hrend wir alles n\u00f6tige auf dem Markt gekauft haben (Milchpulver, Fl\u00e4schchen, Kleidung, usw.) Die monatliche Hilfe f\u00fcr diese Familie wird nun aufgestockt sodass auch Zafy zuk\u00fcftig versorgt ist.<\/p>\n<p>Vielen Dank an alle die uns finanziell unterst\u00fctzen sodass solche Hilfen m\u00f6glich sind.<\/p>\n<p><a href=\"http:\/\/clinica-lavision.com\/wordpress\/wp-content\/uploads\/2019\/02\/facebook_1573038931550.jpg\" rel=\"lightbox[2642]\"><img decoding=\"async\" loading=\"lazy\" class=\"alignnone size-thumbnail wp-image-2775\" src=\"http:\/\/clinica-lavision.com\/wordpress\/wp-content\/uploads\/2019\/02\/facebook_1573038931550-150x150.jpg\" alt=\"\" width=\"150\" height=\"150\" \/><\/a> <a href=\"http:\/\/clinica-lavision.com\/wordpress\/wp-content\/uploads\/2019\/02\/facebook_1573038946931.jpg\" rel=\"lightbox[2642]\"><img decoding=\"async\" loading=\"lazy\" class=\"alignnone size-thumbnail wp-image-2776\" src=\"http:\/\/clinica-lavision.com\/wordpress\/wp-content\/uploads\/2019\/02\/facebook_1573038946931-150x150.jpg\" alt=\"\" width=\"150\" height=\"150\" \/><\/a><\/p>","protected":false},"excerpt":{"rendered":"<p>Nachdem wir Claudio ins Familienprogramm aufgenommen haben kam Fidelia&#8217;s Familie zu uns. (Errinnert Ihr Euch noch an Fidelia? Sie war vor vielen Jahren eine unserer ersten Patientinen die wir an der Gaumenspalte operiert haben; seitdem erh\u00e4lt Fidelia &amp; Ihre Familie medizinische Versorgung sowie regelm\u00e4ssig Essenspackete). Dieses Mal trug Fidelia&#8217;s Oma Ihren 2 Monate alten Enkelsohn &hellip; <a href=\"http:\/\/clinica-lavision.com\/de\/2019\/02\/25\/addition-to-our-family-ii-zafy\/\" class=\"more-link\"><span class=\"screen-reader-text\">Familienzuwachs II: Zafy<\/span> weiterlesen <span class=\"meta-nav\">&rarr;<\/span><\/a><\/p>\n","protected":false},"author":3,"featured_media":0,"comment_status":"open","ping_status":"open","sticky":false,"template":"","format":"standard","meta":[],"categories":[19,6,1],"tags":[],"_links":{"self":[{"href":"http:\/\/clinica-lavision.com\/de\/wp-json\/wp\/v2\/posts\/2642"}],"collection":[{"href":"http:\/\/clinica-lavision.com\/de\/wp-json\/wp\/v2\/posts"}],"about":[{"href":"http:\/\/clinica-lavision.com\/de\/wp-json\/wp\/v2\/types\/post"}],"author":[{"embeddable":true,"href":"http:\/\/clinica-lavision.com\/de\/wp-json\/wp\/v2\/users\/3"}],"replies":[{"embeddable":true,"href":"http:\/\/clinica-lavision.com\/de\/wp-json\/wp\/v2\/comments?post=2642"}],"version-history":[{"count":4,"href":"http:\/\/clinica-lavision.com\/de\/wp-json\/wp\/v2\/posts\/2642\/revisions"}],"predecessor-version":[{"id":2808,"href":"http:\/\/clinica-lavision.com\/de\/wp-json\/wp\/v2\/posts\/2642\/revisions\/2808"}],"wp:attachment":[{"href":"http:\/\/clinica-lavision.com\/de\/wp-json\/wp\/v2\/media?parent=2642"}],"wp:term":[{"taxonomy":"category","embeddable":true,"href":"http:\/\/clinica-lavision.com\/de\/wp-json\/wp\/v2\/categories?post=2642"},{"taxonomy":"post_tag","embeddable":true,"href":"http:\/\/clinica-lavision.com\/de\/wp-json\/wp\/v2\/tags?post=2642"}],"curies":[{"name":"wp","href":"https:\/\/api.w.org\/{rel}","templated":true}]}}