{"id":2642,"date":"2019-02-25T13:06:50","date_gmt":"2019-02-25T12:06:50","guid":{"rendered":"http:\/\/clinica-lavision.com\/?p=2642"},"modified":"2019-11-11T12:33:42","modified_gmt":"2019-11-11T11:33:42","slug":"addition-to-our-family-ii-zafy","status":"publish","type":"post","link":"http:\/\/clinica-lavision.com\/es\/2019\/02\/25\/addition-to-our-family-ii-zafy\/","title":{"rendered":"Nuevo miembro de nuestra \u00abFamilia\u00b4\u00b4II: Zafy"},"content":{"rendered":"<p>Poco despu\u00e9s de haber acogido a Claudio en ese programa nos vino Fidelia con su familia. (por si no recuerdan, Fidelia fue una de nuestra primeras pacientes, la operamos por una malformaci\u00f3n de labio hace algunos a\u00f1os y ahora tambi\u00e9n hace parte de nuestro programa de ayuda de familia. En sus brazos la abuela de Fidelia tenia un bebe de apenas unos 2 meses llamado Zafy. Zafy estaba abrigado en un edred\u00f3n y llorando sin parar. Nos explicaron que su madre falleci\u00f3 poco despues de dar a la luz, su padre no pod\u00eda cuidar de el y de sus 8 hermanos solo la madre de Fidelia le daba de su propia leche, pero no tenia bastante para el y su propio hijo, el peque\u00f1o Zafy estaba llorando por hambre. Nos lo llevamos a la cl\u00ednica para examinarlo, era duro de ver, estaba tan flaco por malnutrici\u00f3n, algo ten\u00edamos que hacer! Despues de examinarle lo que mas necesitaba era leche, comida, ropa. Para ello a partir de ahora Fidelia y su familia recibir\u00e1n algo extra para poder seguir cuidando del peque\u00f1o Zafy. Os damos las gracias a todos los donantes que hacen este tipo de cosas posibles y ayudan a darle una mejor vida a Zafy.<\/p>\n<p><a href=\"http:\/\/clinica-lavision.com\/wordpress\/wp-content\/uploads\/2019\/02\/facebook_1573038931550.jpg\" rel=\"lightbox[2642]\"><img decoding=\"async\" loading=\"lazy\" class=\"alignnone size-thumbnail wp-image-2775\" src=\"http:\/\/clinica-lavision.com\/wordpress\/wp-content\/uploads\/2019\/02\/facebook_1573038931550-150x150.jpg\" alt=\"\" width=\"150\" height=\"150\" \/><\/a> <a href=\"http:\/\/clinica-lavision.com\/wordpress\/wp-content\/uploads\/2019\/02\/facebook_1573038946931.jpg\" rel=\"lightbox[2642]\"><img decoding=\"async\" loading=\"lazy\" class=\"alignnone size-thumbnail wp-image-2776\" src=\"http:\/\/clinica-lavision.com\/wordpress\/wp-content\/uploads\/2019\/02\/facebook_1573038946931-150x150.jpg\" alt=\"\" width=\"150\" height=\"150\" \/><\/a><\/p>","protected":false},"excerpt":{"rendered":"<p>Poco despu\u00e9s de haber acogido a Claudio en ese programa nos vino Fidelia con su familia. (por si no recuerdan, Fidelia fue una de nuestra primeras pacientes, la operamos por una malformaci\u00f3n de labio hace algunos a\u00f1os y ahora tambi\u00e9n hace parte de nuestro programa de ayuda de familia. En sus brazos la abuela de &hellip; <a href=\"http:\/\/clinica-lavision.com\/es\/2019\/02\/25\/addition-to-our-family-ii-zafy\/\" class=\"more-link\">Seguir leyendo <span class=\"screen-reader-text\">Nuevo miembro de nuestra \u00abFamilia\u00b4\u00b4II: Zafy<\/span> <span class=\"meta-nav\">&rarr;<\/span><\/a><\/p>\n","protected":false},"author":3,"featured_media":0,"comment_status":"open","ping_status":"open","sticky":false,"template":"","format":"standard","meta":[],"categories":[19,6,1],"tags":[],"_links":{"self":[{"href":"http:\/\/clinica-lavision.com\/es\/wp-json\/wp\/v2\/posts\/2642"}],"collection":[{"href":"http:\/\/clinica-lavision.com\/es\/wp-json\/wp\/v2\/posts"}],"about":[{"href":"http:\/\/clinica-lavision.com\/es\/wp-json\/wp\/v2\/types\/post"}],"author":[{"embeddable":true,"href":"http:\/\/clinica-lavision.com\/es\/wp-json\/wp\/v2\/users\/3"}],"replies":[{"embeddable":true,"href":"http:\/\/clinica-lavision.com\/es\/wp-json\/wp\/v2\/comments?post=2642"}],"version-history":[{"count":4,"href":"http:\/\/clinica-lavision.com\/es\/wp-json\/wp\/v2\/posts\/2642\/revisions"}],"predecessor-version":[{"id":2808,"href":"http:\/\/clinica-lavision.com\/es\/wp-json\/wp\/v2\/posts\/2642\/revisions\/2808"}],"wp:attachment":[{"href":"http:\/\/clinica-lavision.com\/es\/wp-json\/wp\/v2\/media?parent=2642"}],"wp:term":[{"taxonomy":"category","embeddable":true,"href":"http:\/\/clinica-lavision.com\/es\/wp-json\/wp\/v2\/categories?post=2642"},{"taxonomy":"post_tag","embeddable":true,"href":"http:\/\/clinica-lavision.com\/es\/wp-json\/wp\/v2\/tags?post=2642"}],"curies":[{"name":"wp","href":"https:\/\/api.w.org\/{rel}","templated":true}]}}